{"id":2451,"date":"2025-07-07T19:11:49","date_gmt":"2025-07-07T17:11:49","guid":{"rendered":"https:\/\/www.lampogroup.it\/?p=2451"},"modified":"2025-07-14T00:58:35","modified_gmt":"2025-07-13T22:58:35","slug":"eventi-a-bibione-e-caorle-cosa-fare-a-luglio","status":"publish","type":"post","link":"https:\/\/www.lampogroup.it\/it\/vacanze-riviera-veneta\/eventi-a-bibione-e-caorle-cosa-fare-a-luglio\/","title":{"rendered":"Eventi a Bibione e Caorle: cosa fare a luglio 2025"},"content":{"rendered":"\n<p>Luglio \u00e8 decisamente uno dei mesi migliori per partire per le tue vacanze. Scegliendo le destinazioni giuste lo \u00e8 ancora di pi\u00f9.<\/p>\n\n\n\n<!--more-->\n\n\n\n<p>In questo <strong><em>calendario degli appuntamenti<\/em><\/strong> ti aiutiamo a scegliere la meta perfetta per le tue ferie, presentandoti gli eventi da segnare in agenda tra <strong>Bibione<\/strong> e <strong>Caorle<\/strong>: le due localit\u00e0 venete dove tutto sembra pensato per farti vivere l\u2019estate al massimo.<\/p>\n\n\n\n<p>Oltre a un mare limpido e lunghe distese di sabbia dorata, qui troverai tanti eventi che renderanno il tuo soggiorno ancora pi\u00f9 interessante: escursioni in bici al tramonto, concerti all\u2019aperto, mercatini, mostre d\u2019arte e attivit\u00e0 per tutta la famiglia. Ce n\u2019\u00e8 per tutti i gusti!<\/p>\n","protected":false},"excerpt":{"rendered":"<p>Luglio \u00e8 decisamente uno dei mesi migliori per partire per le tue vacanze. Scegliendo le destinazioni giuste lo \u00e8 ancora di pi\u00f9.<\/p>\n","protected":false},"author":1,"featured_media":2452,"comment_status":"closed","ping_status":"closed","sticky":false,"template":"","format":"standard","meta":{"_acf_changed":false,"footnotes":""},"categories":[33],"tags":[],"class_list":["post-2451","post","type-post","status-publish","format-standard","has-post-thumbnail","hentry","category-vacanze-riviera-veneta"],"acf":[],"yoast_head":"<!-- This site is optimized with the Yoast SEO plugin v27.3 - https:\/\/yoast.com\/product\/yoast-seo-wordpress\/ -->\n<title>Eventi a Bibione e Caorle: cosa fare a luglio 2025 - Gruppo Lampo<\/title>\n<meta name=\"robots\" content=\"index, follow, max-snippet:-1, max-image-preview:large, max-video-preview:-1\" \/>\n<link rel=\"canonical\" href=\"https:\/\/www.lampogroup.it\/it\/vacanze-riviera-veneta\/eventi-a-bibione-e-caorle-cosa-fare-a-luglio\/\" \/>\n<meta property=\"og:locale\" content=\"it_IT\" \/>\n<meta property=\"og:type\" content=\"article\" \/>\n<meta property=\"og:title\" content=\"Eventi a Bibione e Caorle: cosa fare a luglio 2025 - Gruppo Lampo\" \/>\n<meta property=\"og:description\" content=\"Luglio \u00e8 decisamente uno dei mesi migliori per partire per le tue vacanze. Scegliendo le destinazioni giuste lo \u00e8 ancora di pi\u00f9.\" \/>\n<meta property=\"og:url\" content=\"https:\/\/www.lampogroup.it\/it\/vacanze-riviera-veneta\/eventi-a-bibione-e-caorle-cosa-fare-a-luglio\/\" \/>\n<meta property=\"og:site_name\" content=\"Gruppo Lampo\" \/>\n<meta property=\"article:publisher\" content=\"https:\/\/www.facebook.com\/p\/Lampo-Group-100063678903798\" \/>\n<meta property=\"article:published_time\" content=\"2025-07-07T17:11:49+00:00\" \/>\n<meta property=\"article:modified_time\" content=\"2025-07-13T22:58:35+00:00\" \/>\n<meta property=\"og:image\" content=\"https:\/\/www.lampogroup.it\/wp-content\/uploads\/2025\/07\/altanea-festival-copia.webp\" \/>\n\t<meta property=\"og:image:width\" content=\"1800\" \/>\n\t<meta property=\"og:image:height\" content=\"1180\" \/>\n\t<meta property=\"og:image:type\" content=\"image\/webp\" \/>\n<meta name=\"author\" content=\"NimdaReady\" \/>\n<script type=\"application\/ld+json\" class=\"yoast-schema-graph\">{\"@context\":\"https:\\\/\\\/schema.org\",\"@graph\":[{\"@type\":\"Article\",\"@id\":\"https:\\\/\\\/www.lampogroup.it\\\/it\\\/vacanze-riviera-veneta\\\/eventi-a-bibione-e-caorle-cosa-fare-a-luglio\\\/#article\",\"isPartOf\":{\"@id\":\"https:\\\/\\\/www.lampogroup.it\\\/it\\\/vacanze-riviera-veneta\\\/eventi-a-bibione-e-caorle-cosa-fare-a-luglio\\\/\"},\"author\":{\"name\":\"NimdaReady\",\"@id\":\"https:\\\/\\\/www.lampogroup.it\\\/it\\\/#\\\/schema\\\/person\\\/fcafd0f4f9c228ea13295376c2efd500\"},\"headline\":\"Eventi a Bibione e Caorle: cosa fare a luglio 2025\",\"datePublished\":\"2025-07-07T17:11:49+00:00\",\"dateModified\":\"2025-07-13T22:58:35+00:00\",\"mainEntityOfPage\":{\"@id\":\"https:\\\/\\\/www.lampogroup.it\\\/it\\\/vacanze-riviera-veneta\\\/eventi-a-bibione-e-caorle-cosa-fare-a-luglio\\\/\"},\"wordCount\":118,\"publisher\":{\"@id\":\"https:\\\/\\\/www.lampogroup.it\\\/it\\\/#organization\"},\"image\":{\"@id\":\"https:\\\/\\\/www.lampogroup.it\\\/it\\\/vacanze-riviera-veneta\\\/eventi-a-bibione-e-caorle-cosa-fare-a-luglio\\\/#primaryimage\"},\"thumbnailUrl\":\"https:\\\/\\\/www.lampogroup.it\\\/wp-content\\\/uploads\\\/2025\\\/07\\\/altanea-festival-copia.webp\",\"articleSection\":[\"Travel Blog\"],\"inLanguage\":\"it-IT\"},{\"@type\":\"WebPage\",\"@id\":\"https:\\\/\\\/www.lampogroup.it\\\/it\\\/vacanze-riviera-veneta\\\/eventi-a-bibione-e-caorle-cosa-fare-a-luglio\\\/\",\"url\":\"https:\\\/\\\/www.lampogroup.it\\\/it\\\/vacanze-riviera-veneta\\\/eventi-a-bibione-e-caorle-cosa-fare-a-luglio\\\/\",\"name\":\"Eventi a Bibione e Caorle: cosa fare a luglio 2025 - Gruppo Lampo\",\"isPartOf\":{\"@id\":\"https:\\\/\\\/www.lampogroup.it\\\/it\\\/#website\"},\"primaryImageOfPage\":{\"@id\":\"https:\\\/\\\/www.lampogroup.it\\\/it\\\/vacanze-riviera-veneta\\\/eventi-a-bibione-e-caorle-cosa-fare-a-luglio\\\/#primaryimage\"},\"image\":{\"@id\":\"https:\\\/\\\/www.lampogroup.it\\\/it\\\/vacanze-riviera-veneta\\\/eventi-a-bibione-e-caorle-cosa-fare-a-luglio\\\/#primaryimage\"},\"thumbnailUrl\":\"https:\\\/\\\/www.lampogroup.it\\\/wp-content\\\/uploads\\\/2025\\\/07\\\/altanea-festival-copia.webp\",\"datePublished\":\"2025-07-07T17:11:49+00:00\",\"dateModified\":\"2025-07-13T22:58:35+00:00\",\"breadcrumb\":{\"@id\":\"https:\\\/\\\/www.lampogroup.it\\\/it\\\/vacanze-riviera-veneta\\\/eventi-a-bibione-e-caorle-cosa-fare-a-luglio\\\/#breadcrumb\"},\"inLanguage\":\"it-IT\",\"potentialAction\":[{\"@type\":\"ReadAction\",\"target\":[\"https:\\\/\\\/www.lampogroup.it\\\/it\\\/vacanze-riviera-veneta\\\/eventi-a-bibione-e-caorle-cosa-fare-a-luglio\\\/\"]}]},{\"@type\":\"ImageObject\",\"inLanguage\":\"it-IT\",\"@id\":\"https:\\\/\\\/www.lampogroup.it\\\/it\\\/vacanze-riviera-veneta\\\/eventi-a-bibione-e-caorle-cosa-fare-a-luglio\\\/#primaryimage\",\"url\":\"https:\\\/\\\/www.lampogroup.it\\\/wp-content\\\/uploads\\\/2025\\\/07\\\/altanea-festival-copia.webp\",\"contentUrl\":\"https:\\\/\\\/www.lampogroup.it\\\/wp-content\\\/uploads\\\/2025\\\/07\\\/altanea-festival-copia.webp\",\"width\":1800,\"height\":1180},{\"@type\":\"BreadcrumbList\",\"@id\":\"https:\\\/\\\/www.lampogroup.it\\\/it\\\/vacanze-riviera-veneta\\\/eventi-a-bibione-e-caorle-cosa-fare-a-luglio\\\/#breadcrumb\",\"itemListElement\":[{\"@type\":\"ListItem\",\"position\":1,\"name\":\"Home\",\"item\":\"https:\\\/\\\/www.lampogroup.it\\\/it\\\/\"},{\"@type\":\"ListItem\",\"position\":2,\"name\":\"Eventi a Bibione e Caorle: cosa fare a luglio 2025\"}]},{\"@type\":\"WebSite\",\"@id\":\"https:\\\/\\\/www.lampogroup.it\\\/it\\\/#website\",\"url\":\"https:\\\/\\\/www.lampogroup.it\\\/it\\\/\",\"name\":\"Gruppo Lampo\",\"description\":\"\",\"publisher\":{\"@id\":\"https:\\\/\\\/www.lampogroup.it\\\/it\\\/#organization\"},\"potentialAction\":[{\"@type\":\"SearchAction\",\"target\":{\"@type\":\"EntryPoint\",\"urlTemplate\":\"https:\\\/\\\/www.lampogroup.it\\\/it\\\/?s={search_term_string}\"},\"query-input\":{\"@type\":\"PropertyValueSpecification\",\"valueRequired\":true,\"valueName\":\"search_term_string\"}}],\"inLanguage\":\"it-IT\"},{\"@type\":\"Organization\",\"@id\":\"https:\\\/\\\/www.lampogroup.it\\\/it\\\/#organization\",\"name\":\"Gruppo Lampo\",\"url\":\"https:\\\/\\\/www.lampogroup.it\\\/it\\\/\",\"logo\":{\"@type\":\"ImageObject\",\"inLanguage\":\"it-IT\",\"@id\":\"https:\\\/\\\/www.lampogroup.it\\\/it\\\/#\\\/schema\\\/logo\\\/image\\\/\",\"url\":\"https:\\\/\\\/www.lampogroup.it\\\/wp-content\\\/uploads\\\/2023\\\/05\\\/lampo-group-1.svg\",\"contentUrl\":\"https:\\\/\\\/www.lampogroup.it\\\/wp-content\\\/uploads\\\/2023\\\/05\\\/lampo-group-1.svg\",\"width\":1,\"height\":1,\"caption\":\"Gruppo Lampo\"},\"image\":{\"@id\":\"https:\\\/\\\/www.lampogroup.it\\\/it\\\/#\\\/schema\\\/logo\\\/image\\\/\"},\"sameAs\":[\"https:\\\/\\\/www.facebook.com\\\/p\\\/Lampo-Group-100063678903798\"]},{\"@type\":\"Person\",\"@id\":\"https:\\\/\\\/www.lampogroup.it\\\/it\\\/#\\\/schema\\\/person\\\/fcafd0f4f9c228ea13295376c2efd500\",\"name\":\"NimdaReady\",\"sameAs\":[\"https:\\\/\\\/www.lampogroup.it\"]}]}<\/script>\n<!-- \/ Yoast SEO plugin. -->","yoast_head_json":{"title":"Eventi a Bibione e Caorle: cosa fare a luglio 2025 - Gruppo Lampo","robots":{"index":"index","follow":"follow","max-snippet":"max-snippet:-1","max-image-preview":"max-image-preview:large","max-video-preview":"max-video-preview:-1"},"canonical":"https:\/\/www.lampogroup.it\/it\/vacanze-riviera-veneta\/eventi-a-bibione-e-caorle-cosa-fare-a-luglio\/","og_locale":"it_IT","og_type":"article","og_title":"Eventi a Bibione e Caorle: cosa fare a luglio 2025 - Gruppo Lampo","og_description":"Luglio \u00e8 decisamente uno dei mesi migliori per partire per le tue vacanze. Scegliendo le destinazioni giuste lo \u00e8 ancora di pi\u00f9.","og_url":"https:\/\/www.lampogroup.it\/it\/vacanze-riviera-veneta\/eventi-a-bibione-e-caorle-cosa-fare-a-luglio\/","og_site_name":"Gruppo Lampo","article_publisher":"https:\/\/www.facebook.com\/p\/Lampo-Group-100063678903798","article_published_time":"2025-07-07T17:11:49+00:00","article_modified_time":"2025-07-13T22:58:35+00:00","og_image":[{"width":1800,"height":1180,"url":"https:\/\/www.lampogroup.it\/wp-content\/uploads\/2025\/07\/altanea-festival-copia.webp","type":"image\/webp"}],"author":"NimdaReady","schema":{"@context":"https:\/\/schema.org","@graph":[{"@type":"Article","@id":"https:\/\/www.lampogroup.it\/it\/vacanze-riviera-veneta\/eventi-a-bibione-e-caorle-cosa-fare-a-luglio\/#article","isPartOf":{"@id":"https:\/\/www.lampogroup.it\/it\/vacanze-riviera-veneta\/eventi-a-bibione-e-caorle-cosa-fare-a-luglio\/"},"author":{"name":"NimdaReady","@id":"https:\/\/www.lampogroup.it\/it\/#\/schema\/person\/fcafd0f4f9c228ea13295376c2efd500"},"headline":"Eventi a Bibione e Caorle: cosa fare a luglio 2025","datePublished":"2025-07-07T17:11:49+00:00","dateModified":"2025-07-13T22:58:35+00:00","mainEntityOfPage":{"@id":"https:\/\/www.lampogroup.it\/it\/vacanze-riviera-veneta\/eventi-a-bibione-e-caorle-cosa-fare-a-luglio\/"},"wordCount":118,"publisher":{"@id":"https:\/\/www.lampogroup.it\/it\/#organization"},"image":{"@id":"https:\/\/www.lampogroup.it\/it\/vacanze-riviera-veneta\/eventi-a-bibione-e-caorle-cosa-fare-a-luglio\/#primaryimage"},"thumbnailUrl":"https:\/\/www.lampogroup.it\/wp-content\/uploads\/2025\/07\/altanea-festival-copia.webp","articleSection":["Travel Blog"],"inLanguage":"it-IT"},{"@type":"WebPage","@id":"https:\/\/www.lampogroup.it\/it\/vacanze-riviera-veneta\/eventi-a-bibione-e-caorle-cosa-fare-a-luglio\/","url":"https:\/\/www.lampogroup.it\/it\/vacanze-riviera-veneta\/eventi-a-bibione-e-caorle-cosa-fare-a-luglio\/","name":"Eventi a Bibione e Caorle: cosa fare a luglio 2025 - Gruppo Lampo","isPartOf":{"@id":"https:\/\/www.lampogroup.it\/it\/#website"},"primaryImageOfPage":{"@id":"https:\/\/www.lampogroup.it\/it\/vacanze-riviera-veneta\/eventi-a-bibione-e-caorle-cosa-fare-a-luglio\/#primaryimage"},"image":{"@id":"https:\/\/www.lampogroup.it\/it\/vacanze-riviera-veneta\/eventi-a-bibione-e-caorle-cosa-fare-a-luglio\/#primaryimage"},"thumbnailUrl":"https:\/\/www.lampogroup.it\/wp-content\/uploads\/2025\/07\/altanea-festival-copia.webp","datePublished":"2025-07-07T17:11:49+00:00","dateModified":"2025-07-13T22:58:35+00:00","breadcrumb":{"@id":"https:\/\/www.lampogroup.it\/it\/vacanze-riviera-veneta\/eventi-a-bibione-e-caorle-cosa-fare-a-luglio\/#breadcrumb"},"inLanguage":"it-IT","potentialAction":[{"@type":"ReadAction","target":["https:\/\/www.lampogroup.it\/it\/vacanze-riviera-veneta\/eventi-a-bibione-e-caorle-cosa-fare-a-luglio\/"]}]},{"@type":"ImageObject","inLanguage":"it-IT","@id":"https:\/\/www.lampogroup.it\/it\/vacanze-riviera-veneta\/eventi-a-bibione-e-caorle-cosa-fare-a-luglio\/#primaryimage","url":"https:\/\/www.lampogroup.it\/wp-content\/uploads\/2025\/07\/altanea-festival-copia.webp","contentUrl":"https:\/\/www.lampogroup.it\/wp-content\/uploads\/2025\/07\/altanea-festival-copia.webp","width":1800,"height":1180},{"@type":"BreadcrumbList","@id":"https:\/\/www.lampogroup.it\/it\/vacanze-riviera-veneta\/eventi-a-bibione-e-caorle-cosa-fare-a-luglio\/#breadcrumb","itemListElement":[{"@type":"ListItem","position":1,"name":"Home","item":"https:\/\/www.lampogroup.it\/it\/"},{"@type":"ListItem","position":2,"name":"Eventi a Bibione e Caorle: cosa fare a luglio 2025"}]},{"@type":"WebSite","@id":"https:\/\/www.lampogroup.it\/it\/#website","url":"https:\/\/www.lampogroup.it\/it\/","name":"Gruppo Lampo","description":"","publisher":{"@id":"https:\/\/www.lampogroup.it\/it\/#organization"},"potentialAction":[{"@type":"SearchAction","target":{"@type":"EntryPoint","urlTemplate":"https:\/\/www.lampogroup.it\/it\/?s={search_term_string}"},"query-input":{"@type":"PropertyValueSpecification","valueRequired":true,"valueName":"search_term_string"}}],"inLanguage":"it-IT"},{"@type":"Organization","@id":"https:\/\/www.lampogroup.it\/it\/#organization","name":"Gruppo Lampo","url":"https:\/\/www.lampogroup.it\/it\/","logo":{"@type":"ImageObject","inLanguage":"it-IT","@id":"https:\/\/www.lampogroup.it\/it\/#\/schema\/logo\/image\/","url":"https:\/\/www.lampogroup.it\/wp-content\/uploads\/2023\/05\/lampo-group-1.svg","contentUrl":"https:\/\/www.lampogroup.it\/wp-content\/uploads\/2023\/05\/lampo-group-1.svg","width":1,"height":1,"caption":"Gruppo Lampo"},"image":{"@id":"https:\/\/www.lampogroup.it\/it\/#\/schema\/logo\/image\/"},"sameAs":["https:\/\/www.facebook.com\/p\/Lampo-Group-100063678903798"]},{"@type":"Person","@id":"https:\/\/www.lampogroup.it\/it\/#\/schema\/person\/fcafd0f4f9c228ea13295376c2efd500","name":"NimdaReady","sameAs":["https:\/\/www.lampogroup.it"]}]}},"_links":{"self":[{"href":"https:\/\/www.lampogroup.it\/it\/wp-json\/wp\/v2\/posts\/2451","targetHints":{"allow":["GET"]}}],"collection":[{"href":"https:\/\/www.lampogroup.it\/it\/wp-json\/wp\/v2\/posts"}],"about":[{"href":"https:\/\/www.lampogroup.it\/it\/wp-json\/wp\/v2\/types\/post"}],"author":[{"embeddable":true,"href":"https:\/\/www.lampogroup.it\/it\/wp-json\/wp\/v2\/users\/1"}],"replies":[{"embeddable":true,"href":"https:\/\/www.lampogroup.it\/it\/wp-json\/wp\/v2\/comments?post=2451"}],"version-history":[{"count":11,"href":"https:\/\/www.lampogroup.it\/it\/wp-json\/wp\/v2\/posts\/2451\/revisions"}],"predecessor-version":[{"id":2478,"href":"https:\/\/www.lampogroup.it\/it\/wp-json\/wp\/v2\/posts\/2451\/revisions\/2478"}],"wp:featuredmedia":[{"embeddable":true,"href":"https:\/\/www.lampogroup.it\/it\/wp-json\/wp\/v2\/media\/2452"}],"wp:attachment":[{"href":"https:\/\/www.lampogroup.it\/it\/wp-json\/wp\/v2\/media?parent=2451"}],"wp:term":[{"taxonomy":"category","embeddable":true,"href":"https:\/\/www.lampogroup.it\/it\/wp-json\/wp\/v2\/categories?post=2451"},{"taxonomy":"post_tag","embeddable":true,"href":"https:\/\/www.lampogroup.it\/it\/wp-json\/wp\/v2\/tags?post=2451"}],"curies":[{"name":"wp","href":"https:\/\/api.w.org\/{rel}","templated":true}]}}