{"id":2547,"date":"2025-07-29T19:32:38","date_gmt":"2025-07-29T17:32:38","guid":{"rendered":"https:\/\/www.lampogroup.it\/unkategorisiert\/vacanze-di-fine-estate-a-bibione-e-caorle-perche-partire-a-settembre\/"},"modified":"2025-08-18T15:42:38","modified_gmt":"2025-08-18T13:42:38","slug":"strandurlaub-in-bibione-im-september","status":"publish","type":"post","link":"https:\/\/www.lampogroup.it\/de\/urlaub-an-der-venezianischen-riviera\/strandurlaub-in-bibione-im-september\/","title":{"rendered":"Urlaub im Sp\u00e4tsommer in Bibione und Caorle: Was spricht f\u00fcr eine Reise im September?"},"content":{"rendered":"\n<p>Wer hat behauptet, dass der Sommer im August aufh\u00f6rt?<\/p>\n\n\n\n<!--more-->\n\n\n\n<p>Die Reisefachleute wissen es besser: Wenn die warme Jahreszeit anscheinend zu Ende geht, ist der Zeitpunkt f\u00fcr eine Reise ideal. Der September schenkt uns noch warme Tage, eine entspanntere Atmosph\u00e4re und die M\u00f6glichkeit, das Meer und den wahren Charakter der St\u00e4dte zu erleben.<\/p>\n\n\n\n<p><strong>Bibione<\/strong> und <strong>Caorle <\/strong>sind Musterbeispiele daf\u00fcr: zwei Perlen an der Adriak\u00fcste, die im September ihr Bestes geben. Das Klima ist noch angenehm, die Str\u00e4nde sind ruhiger, und die G\u00e4ste machen wirklich erholsame Erfahrungen, gepr\u00e4gt von Ruhe, Natur und der Erkundung der Umgebung.<\/p>\n\n\n\n<p><\/p>\n","protected":false},"excerpt":{"rendered":"<p>Wer hat behauptet, dass der Sommer im August aufh\u00f6rt?<\/p>\n","protected":false},"author":1,"featured_media":2525,"comment_status":"closed","ping_status":"closed","sticky":false,"template":"","format":"standard","meta":{"_acf_changed":false,"footnotes":""},"categories":[34],"tags":[],"class_list":["post-2547","post","type-post","status-publish","format-standard","has-post-thumbnail","hentry","category-urlaub-an-der-venezianischen-riviera"],"acf":[],"yoast_head":"<!-- This site is optimized with the Yoast SEO plugin v27.3 - https:\/\/yoast.com\/product\/yoast-seo-wordpress\/ -->\n<title>Urlaub im Sp\u00e4tsommer in Bibione und Caorle: Was spricht f\u00fcr eine Reise im September?<\/title>\n<meta name=\"description\" content=\"Planen Sie Ihren Septemberurlaub an der Adriak\u00fcste: angenehmes Klima und ruhige Str\u00e4nde. Profitieren Sie von unseren Strandangeboten und buchen Sie jetzt.\" \/>\n<meta name=\"robots\" content=\"index, follow, max-snippet:-1, max-image-preview:large, max-video-preview:-1\" \/>\n<link rel=\"canonical\" href=\"https:\/\/www.lampogroup.it\/de\/urlaub-an-der-venezianischen-riviera\/strandurlaub-in-bibione-im-september\/\" \/>\n<meta property=\"og:locale\" content=\"de_DE\" \/>\n<meta property=\"og:type\" content=\"article\" \/>\n<meta property=\"og:title\" content=\"Urlaub im Sp\u00e4tsommer in Bibione und Caorle: Was spricht f\u00fcr eine Reise im September?\" \/>\n<meta property=\"og:description\" content=\"Planen Sie Ihren Septemberurlaub an der Adriak\u00fcste: angenehmes Klima und ruhige Str\u00e4nde. Profitieren Sie von unseren Strandangeboten und buchen Sie jetzt.\" \/>\n<meta property=\"og:url\" content=\"https:\/\/www.lampogroup.it\/de\/urlaub-an-der-venezianischen-riviera\/strandurlaub-in-bibione-im-september\/\" \/>\n<meta property=\"og:site_name\" content=\"Gruppo Lampo\" \/>\n<meta property=\"article:publisher\" content=\"https:\/\/www.facebook.com\/p\/Lampo-Group-100063678903798\" \/>\n<meta property=\"article:published_time\" content=\"2025-07-29T17:32:38+00:00\" \/>\n<meta property=\"article:modified_time\" content=\"2025-08-18T13:42:38+00:00\" \/>\n<meta property=\"og:image\" content=\"https:\/\/www.lampogroup.it\/wp-content\/uploads\/2025\/07\/late-summer-vacation.webp\" \/>\n\t<meta property=\"og:image:width\" content=\"1920\" \/>\n\t<meta property=\"og:image:height\" content=\"1200\" \/>\n\t<meta property=\"og:image:type\" content=\"image\/webp\" \/>\n<meta name=\"author\" content=\"NimdaReady\" \/>\n<script type=\"application\/ld+json\" class=\"yoast-schema-graph\">{\"@context\":\"https:\\\/\\\/schema.org\",\"@graph\":[{\"@type\":\"Article\",\"@id\":\"https:\\\/\\\/www.lampogroup.it\\\/de\\\/urlaub-an-der-venezianischen-riviera\\\/strandurlaub-in-bibione-im-september\\\/#article\",\"isPartOf\":{\"@id\":\"https:\\\/\\\/www.lampogroup.it\\\/de\\\/urlaub-an-der-venezianischen-riviera\\\/strandurlaub-in-bibione-im-september\\\/\"},\"author\":{\"name\":\"NimdaReady\",\"@id\":\"https:\\\/\\\/www.lampogroup.it\\\/it\\\/#\\\/schema\\\/person\\\/fcafd0f4f9c228ea13295376c2efd500\"},\"headline\":\"Urlaub im Sp\u00e4tsommer in Bibione und Caorle: Was spricht f\u00fcr eine Reise im September?\",\"datePublished\":\"2025-07-29T17:32:38+00:00\",\"dateModified\":\"2025-08-18T13:42:38+00:00\",\"mainEntityOfPage\":{\"@id\":\"https:\\\/\\\/www.lampogroup.it\\\/de\\\/urlaub-an-der-venezianischen-riviera\\\/strandurlaub-in-bibione-im-september\\\/\"},\"wordCount\":120,\"publisher\":{\"@id\":\"https:\\\/\\\/www.lampogroup.it\\\/it\\\/#organization\"},\"image\":{\"@id\":\"https:\\\/\\\/www.lampogroup.it\\\/de\\\/urlaub-an-der-venezianischen-riviera\\\/strandurlaub-in-bibione-im-september\\\/#primaryimage\"},\"thumbnailUrl\":\"https:\\\/\\\/www.lampogroup.it\\\/wp-content\\\/uploads\\\/2025\\\/07\\\/late-summer-vacation.webp\",\"articleSection\":[\"Travel Blog\"],\"inLanguage\":\"de\"},{\"@type\":\"WebPage\",\"@id\":\"https:\\\/\\\/www.lampogroup.it\\\/de\\\/urlaub-an-der-venezianischen-riviera\\\/strandurlaub-in-bibione-im-september\\\/\",\"url\":\"https:\\\/\\\/www.lampogroup.it\\\/de\\\/urlaub-an-der-venezianischen-riviera\\\/strandurlaub-in-bibione-im-september\\\/\",\"name\":\"Urlaub im Sp\u00e4tsommer in Bibione und Caorle: Was spricht f\u00fcr eine Reise im September?\",\"isPartOf\":{\"@id\":\"https:\\\/\\\/www.lampogroup.it\\\/it\\\/#website\"},\"primaryImageOfPage\":{\"@id\":\"https:\\\/\\\/www.lampogroup.it\\\/de\\\/urlaub-an-der-venezianischen-riviera\\\/strandurlaub-in-bibione-im-september\\\/#primaryimage\"},\"image\":{\"@id\":\"https:\\\/\\\/www.lampogroup.it\\\/de\\\/urlaub-an-der-venezianischen-riviera\\\/strandurlaub-in-bibione-im-september\\\/#primaryimage\"},\"thumbnailUrl\":\"https:\\\/\\\/www.lampogroup.it\\\/wp-content\\\/uploads\\\/2025\\\/07\\\/late-summer-vacation.webp\",\"datePublished\":\"2025-07-29T17:32:38+00:00\",\"dateModified\":\"2025-08-18T13:42:38+00:00\",\"description\":\"Planen Sie Ihren Septemberurlaub an der Adriak\u00fcste: angenehmes Klima und ruhige Str\u00e4nde. Profitieren Sie von unseren Strandangeboten und buchen Sie jetzt.\",\"breadcrumb\":{\"@id\":\"https:\\\/\\\/www.lampogroup.it\\\/de\\\/urlaub-an-der-venezianischen-riviera\\\/strandurlaub-in-bibione-im-september\\\/#breadcrumb\"},\"inLanguage\":\"de\",\"potentialAction\":[{\"@type\":\"ReadAction\",\"target\":[\"https:\\\/\\\/www.lampogroup.it\\\/de\\\/urlaub-an-der-venezianischen-riviera\\\/strandurlaub-in-bibione-im-september\\\/\"]}]},{\"@type\":\"ImageObject\",\"inLanguage\":\"de\",\"@id\":\"https:\\\/\\\/www.lampogroup.it\\\/de\\\/urlaub-an-der-venezianischen-riviera\\\/strandurlaub-in-bibione-im-september\\\/#primaryimage\",\"url\":\"https:\\\/\\\/www.lampogroup.it\\\/wp-content\\\/uploads\\\/2025\\\/07\\\/late-summer-vacation.webp\",\"contentUrl\":\"https:\\\/\\\/www.lampogroup.it\\\/wp-content\\\/uploads\\\/2025\\\/07\\\/late-summer-vacation.webp\",\"width\":1920,\"height\":1200},{\"@type\":\"BreadcrumbList\",\"@id\":\"https:\\\/\\\/www.lampogroup.it\\\/de\\\/urlaub-an-der-venezianischen-riviera\\\/strandurlaub-in-bibione-im-september\\\/#breadcrumb\",\"itemListElement\":[{\"@type\":\"ListItem\",\"position\":1,\"name\":\"Home\",\"item\":\"https:\\\/\\\/www.lampogroup.it\\\/de\\\/\"},{\"@type\":\"ListItem\",\"position\":2,\"name\":\"Urlaub im Sp\u00e4tsommer in Bibione und Caorle: Was spricht f\u00fcr eine Reise im September?\"}]},{\"@type\":\"WebSite\",\"@id\":\"https:\\\/\\\/www.lampogroup.it\\\/it\\\/#website\",\"url\":\"https:\\\/\\\/www.lampogroup.it\\\/it\\\/\",\"name\":\"Gruppo Lampo\",\"description\":\"\",\"publisher\":{\"@id\":\"https:\\\/\\\/www.lampogroup.it\\\/it\\\/#organization\"},\"potentialAction\":[{\"@type\":\"SearchAction\",\"target\":{\"@type\":\"EntryPoint\",\"urlTemplate\":\"https:\\\/\\\/www.lampogroup.it\\\/it\\\/?s={search_term_string}\"},\"query-input\":{\"@type\":\"PropertyValueSpecification\",\"valueRequired\":true,\"valueName\":\"search_term_string\"}}],\"inLanguage\":\"de\"},{\"@type\":\"Organization\",\"@id\":\"https:\\\/\\\/www.lampogroup.it\\\/it\\\/#organization\",\"name\":\"Gruppo Lampo\",\"url\":\"https:\\\/\\\/www.lampogroup.it\\\/it\\\/\",\"logo\":{\"@type\":\"ImageObject\",\"inLanguage\":\"de\",\"@id\":\"https:\\\/\\\/www.lampogroup.it\\\/it\\\/#\\\/schema\\\/logo\\\/image\\\/\",\"url\":\"https:\\\/\\\/www.lampogroup.it\\\/wp-content\\\/uploads\\\/2023\\\/05\\\/lampo-group-1.svg\",\"contentUrl\":\"https:\\\/\\\/www.lampogroup.it\\\/wp-content\\\/uploads\\\/2023\\\/05\\\/lampo-group-1.svg\",\"width\":1,\"height\":1,\"caption\":\"Gruppo Lampo\"},\"image\":{\"@id\":\"https:\\\/\\\/www.lampogroup.it\\\/it\\\/#\\\/schema\\\/logo\\\/image\\\/\"},\"sameAs\":[\"https:\\\/\\\/www.facebook.com\\\/p\\\/Lampo-Group-100063678903798\"]},{\"@type\":\"Person\",\"@id\":\"https:\\\/\\\/www.lampogroup.it\\\/it\\\/#\\\/schema\\\/person\\\/fcafd0f4f9c228ea13295376c2efd500\",\"name\":\"NimdaReady\",\"sameAs\":[\"https:\\\/\\\/www.lampogroup.it\"]}]}<\/script>\n<!-- \/ Yoast SEO plugin. -->","yoast_head_json":{"title":"Urlaub im Sp\u00e4tsommer in Bibione und Caorle: Was spricht f\u00fcr eine Reise im September?","description":"Planen Sie Ihren Septemberurlaub an der Adriak\u00fcste: angenehmes Klima und ruhige Str\u00e4nde. Profitieren Sie von unseren Strandangeboten und buchen Sie jetzt.","robots":{"index":"index","follow":"follow","max-snippet":"max-snippet:-1","max-image-preview":"max-image-preview:large","max-video-preview":"max-video-preview:-1"},"canonical":"https:\/\/www.lampogroup.it\/de\/urlaub-an-der-venezianischen-riviera\/strandurlaub-in-bibione-im-september\/","og_locale":"de_DE","og_type":"article","og_title":"Urlaub im Sp\u00e4tsommer in Bibione und Caorle: Was spricht f\u00fcr eine Reise im September?","og_description":"Planen Sie Ihren Septemberurlaub an der Adriak\u00fcste: angenehmes Klima und ruhige Str\u00e4nde. Profitieren Sie von unseren Strandangeboten und buchen Sie jetzt.","og_url":"https:\/\/www.lampogroup.it\/de\/urlaub-an-der-venezianischen-riviera\/strandurlaub-in-bibione-im-september\/","og_site_name":"Gruppo Lampo","article_publisher":"https:\/\/www.facebook.com\/p\/Lampo-Group-100063678903798","article_published_time":"2025-07-29T17:32:38+00:00","article_modified_time":"2025-08-18T13:42:38+00:00","og_image":[{"width":1920,"height":1200,"url":"https:\/\/www.lampogroup.it\/wp-content\/uploads\/2025\/07\/late-summer-vacation.webp","type":"image\/webp"}],"author":"NimdaReady","schema":{"@context":"https:\/\/schema.org","@graph":[{"@type":"Article","@id":"https:\/\/www.lampogroup.it\/de\/urlaub-an-der-venezianischen-riviera\/strandurlaub-in-bibione-im-september\/#article","isPartOf":{"@id":"https:\/\/www.lampogroup.it\/de\/urlaub-an-der-venezianischen-riviera\/strandurlaub-in-bibione-im-september\/"},"author":{"name":"NimdaReady","@id":"https:\/\/www.lampogroup.it\/it\/#\/schema\/person\/fcafd0f4f9c228ea13295376c2efd500"},"headline":"Urlaub im Sp\u00e4tsommer in Bibione und Caorle: Was spricht f\u00fcr eine Reise im September?","datePublished":"2025-07-29T17:32:38+00:00","dateModified":"2025-08-18T13:42:38+00:00","mainEntityOfPage":{"@id":"https:\/\/www.lampogroup.it\/de\/urlaub-an-der-venezianischen-riviera\/strandurlaub-in-bibione-im-september\/"},"wordCount":120,"publisher":{"@id":"https:\/\/www.lampogroup.it\/it\/#organization"},"image":{"@id":"https:\/\/www.lampogroup.it\/de\/urlaub-an-der-venezianischen-riviera\/strandurlaub-in-bibione-im-september\/#primaryimage"},"thumbnailUrl":"https:\/\/www.lampogroup.it\/wp-content\/uploads\/2025\/07\/late-summer-vacation.webp","articleSection":["Travel Blog"],"inLanguage":"de"},{"@type":"WebPage","@id":"https:\/\/www.lampogroup.it\/de\/urlaub-an-der-venezianischen-riviera\/strandurlaub-in-bibione-im-september\/","url":"https:\/\/www.lampogroup.it\/de\/urlaub-an-der-venezianischen-riviera\/strandurlaub-in-bibione-im-september\/","name":"Urlaub im Sp\u00e4tsommer in Bibione und Caorle: Was spricht f\u00fcr eine Reise im September?","isPartOf":{"@id":"https:\/\/www.lampogroup.it\/it\/#website"},"primaryImageOfPage":{"@id":"https:\/\/www.lampogroup.it\/de\/urlaub-an-der-venezianischen-riviera\/strandurlaub-in-bibione-im-september\/#primaryimage"},"image":{"@id":"https:\/\/www.lampogroup.it\/de\/urlaub-an-der-venezianischen-riviera\/strandurlaub-in-bibione-im-september\/#primaryimage"},"thumbnailUrl":"https:\/\/www.lampogroup.it\/wp-content\/uploads\/2025\/07\/late-summer-vacation.webp","datePublished":"2025-07-29T17:32:38+00:00","dateModified":"2025-08-18T13:42:38+00:00","description":"Planen Sie Ihren Septemberurlaub an der Adriak\u00fcste: angenehmes Klima und ruhige Str\u00e4nde. Profitieren Sie von unseren Strandangeboten und buchen Sie jetzt.","breadcrumb":{"@id":"https:\/\/www.lampogroup.it\/de\/urlaub-an-der-venezianischen-riviera\/strandurlaub-in-bibione-im-september\/#breadcrumb"},"inLanguage":"de","potentialAction":[{"@type":"ReadAction","target":["https:\/\/www.lampogroup.it\/de\/urlaub-an-der-venezianischen-riviera\/strandurlaub-in-bibione-im-september\/"]}]},{"@type":"ImageObject","inLanguage":"de","@id":"https:\/\/www.lampogroup.it\/de\/urlaub-an-der-venezianischen-riviera\/strandurlaub-in-bibione-im-september\/#primaryimage","url":"https:\/\/www.lampogroup.it\/wp-content\/uploads\/2025\/07\/late-summer-vacation.webp","contentUrl":"https:\/\/www.lampogroup.it\/wp-content\/uploads\/2025\/07\/late-summer-vacation.webp","width":1920,"height":1200},{"@type":"BreadcrumbList","@id":"https:\/\/www.lampogroup.it\/de\/urlaub-an-der-venezianischen-riviera\/strandurlaub-in-bibione-im-september\/#breadcrumb","itemListElement":[{"@type":"ListItem","position":1,"name":"Home","item":"https:\/\/www.lampogroup.it\/de\/"},{"@type":"ListItem","position":2,"name":"Urlaub im Sp\u00e4tsommer in Bibione und Caorle: Was spricht f\u00fcr eine Reise im September?"}]},{"@type":"WebSite","@id":"https:\/\/www.lampogroup.it\/it\/#website","url":"https:\/\/www.lampogroup.it\/it\/","name":"Gruppo Lampo","description":"","publisher":{"@id":"https:\/\/www.lampogroup.it\/it\/#organization"},"potentialAction":[{"@type":"SearchAction","target":{"@type":"EntryPoint","urlTemplate":"https:\/\/www.lampogroup.it\/it\/?s={search_term_string}"},"query-input":{"@type":"PropertyValueSpecification","valueRequired":true,"valueName":"search_term_string"}}],"inLanguage":"de"},{"@type":"Organization","@id":"https:\/\/www.lampogroup.it\/it\/#organization","name":"Gruppo Lampo","url":"https:\/\/www.lampogroup.it\/it\/","logo":{"@type":"ImageObject","inLanguage":"de","@id":"https:\/\/www.lampogroup.it\/it\/#\/schema\/logo\/image\/","url":"https:\/\/www.lampogroup.it\/wp-content\/uploads\/2023\/05\/lampo-group-1.svg","contentUrl":"https:\/\/www.lampogroup.it\/wp-content\/uploads\/2023\/05\/lampo-group-1.svg","width":1,"height":1,"caption":"Gruppo Lampo"},"image":{"@id":"https:\/\/www.lampogroup.it\/it\/#\/schema\/logo\/image\/"},"sameAs":["https:\/\/www.facebook.com\/p\/Lampo-Group-100063678903798"]},{"@type":"Person","@id":"https:\/\/www.lampogroup.it\/it\/#\/schema\/person\/fcafd0f4f9c228ea13295376c2efd500","name":"NimdaReady","sameAs":["https:\/\/www.lampogroup.it"]}]}},"_links":{"self":[{"href":"https:\/\/www.lampogroup.it\/de\/wp-json\/wp\/v2\/posts\/2547","targetHints":{"allow":["GET"]}}],"collection":[{"href":"https:\/\/www.lampogroup.it\/de\/wp-json\/wp\/v2\/posts"}],"about":[{"href":"https:\/\/www.lampogroup.it\/de\/wp-json\/wp\/v2\/types\/post"}],"author":[{"embeddable":true,"href":"https:\/\/www.lampogroup.it\/de\/wp-json\/wp\/v2\/users\/1"}],"replies":[{"embeddable":true,"href":"https:\/\/www.lampogroup.it\/de\/wp-json\/wp\/v2\/comments?post=2547"}],"version-history":[{"count":1,"href":"https:\/\/www.lampogroup.it\/de\/wp-json\/wp\/v2\/posts\/2547\/revisions"}],"predecessor-version":[{"id":2551,"href":"https:\/\/www.lampogroup.it\/de\/wp-json\/wp\/v2\/posts\/2547\/revisions\/2551"}],"wp:featuredmedia":[{"embeddable":true,"href":"https:\/\/www.lampogroup.it\/de\/wp-json\/wp\/v2\/media\/2525"}],"wp:attachment":[{"href":"https:\/\/www.lampogroup.it\/de\/wp-json\/wp\/v2\/media?parent=2547"}],"wp:term":[{"taxonomy":"category","embeddable":true,"href":"https:\/\/www.lampogroup.it\/de\/wp-json\/wp\/v2\/categories?post=2547"},{"taxonomy":"post_tag","embeddable":true,"href":"https:\/\/www.lampogroup.it\/de\/wp-json\/wp\/v2\/tags?post=2547"}],"curies":[{"name":"wp","href":"https:\/\/api.w.org\/{rel}","templated":true}]}}